{"id":2114,"date":"2023-12-14T14:53:36","date_gmt":"2023-12-14T17:53:36","guid":{"rendered":"https:\/\/neoventures.global\/?p=2114"},"modified":"2023-12-14T14:56:08","modified_gmt":"2023-12-14T17:56:08","slug":"neo-ventures-boa-vista-tech-week","status":"publish","type":"post","link":"https:\/\/neoventures.global\/en\/noticias\/neo-ventures-boa-vista-tech-week\/","title":{"rendered":"Neo Ventures marca presen\u00e7a no Boa Vista Tech Week"},"content":{"rendered":"<p><span style=\"font-weight: 400;\">\u00c0 convite da Prefeitura de Boa Vista (RR), a Neo Ventures esteve presente na primeira edi\u00e7\u00e3o do Boa Vista Tech Week. O encontro foi fundamental para ampliar o ecossistema de inova\u00e7\u00e3o na regi\u00e3o Norte, al\u00e9m de conhecer mais sobre as iniciativas locais, empreendedores e solu\u00e7\u00f5es.<\/span><\/p>\n<p>&nbsp;<\/p>\n<p><span style=\"font-weight: 400;\">A presen\u00e7a da Neo Ventures refor\u00e7a o objetivo de atuar em cada canto do Brasil, o que j\u00e1 est\u00e1 acontecendo com os projetos <\/span><a href=\"https:\/\/sebrae.com.br\/sites\/PortalSebrae\/inovaamazonia\"><span style=\"font-weight: 400;\">Inova Amaz\u00f4nia,<\/span><\/a> <a href=\"https:\/\/parlamentopb.com.br\/hub-pb-sebrae-e-parceiros-concluem-atividades-da-terceira-edicao-do-programa\/\"><span style=\"font-weight: 400;\">Hub PB<\/span><\/a><span style=\"font-weight: 400;\"> e <\/span><a href=\"http:\/\/portohub.com.br\/\"><span style=\"font-weight: 400;\">Porto Hub<\/span><\/a><span style=\"font-weight: 400;\">, por exemplo. Quem refor\u00e7a essa inten\u00e7\u00e3o \u00e9 a Aceleradora Corporativa M\u00e1rcia Silva, de Manaus (AM): \u201cO convite para esse evento no estado de Roraima \u00e9 mais uma conquista para a Neo Ventures e para o ecossistema de inova\u00e7\u00e3o. Vamos ampliar, cada vez mais, o nosso portf\u00f3lio de startups em diferentes estados, criando um ecossistema muito mais plural e inclusivo\u201d, celebra.<\/span><\/p>\n<p>&nbsp;<\/p>\n<p><span style=\"font-weight: 400;\">Em 2024, a Neo Ventures vai operacionalizar a fase de tra\u00e7\u00e3o do Inova Amaz\u00f4nia, projeto de acelera\u00e7\u00e3o de startups do Sebrae, no estado de Roraima. As inscri\u00e7\u00f5es j\u00e1 foram encerradas e as capacita\u00e7\u00f5es e mentorias est\u00e3o previstas para come\u00e7arem no primeiro semestre do ano.<\/span><\/p>\n<p>&nbsp;<\/p>\n<p><span style=\"font-weight: 400;\">As listas das startups selecionadas para o m\u00f3dulo de tra\u00e7\u00e3o do Inova Amaz\u00f4nia podem ser encontradas <\/span><a href=\"https:\/\/neoventures.global\/en\/noticias\/startups-da-amazonia-parceria-sebrae\/\"><span style=\"font-weight: 400;\">neste link.<\/span><\/a><\/p>\n<p>&nbsp;<\/p>\n<h2>Sobre o Boa Vista Tech Week<\/h2>\n<p>&nbsp;<\/p>\n<p><span style=\"font-weight: 400;\">Uma iniciativa da InovAction em parceria com a Prefeitura de Boa Vista e patrocinadores, a 1\u00aa edi\u00e7\u00e3o do Boa Vista Tech Week, reuniu prefeituras da Regi\u00e3o Norte com mais de 50 mil habitantes, entre os dias 22 e 24 de Novembro. Na programa\u00e7\u00e3o, os participantes puderam conferir palestras, mesas redondas e a participa\u00e7\u00e3o de cases de inova\u00e7\u00e3o de outras capitais. <\/span><\/p>\n<p>&nbsp;<\/p>\n<p><span style=\"font-weight: 400;\">O evento contou com com l\u00edderes, profissionais, estudantes e entusiastas da inova\u00e7\u00e3o, com o objetivo de explorar o futuro tecnol\u00f3gico da regi\u00e3o, bem como trocar experi\u00eancias de como a tecnologia e a inova\u00e7\u00e3o podem melhorar a qualidade de vida dos cidad\u00e3os, difundir novas solu\u00e7\u00f5es e apresentar cases locais e solu\u00e7\u00f5es de mercado.<\/span><\/p>\n<p>&nbsp;<\/p>","protected":false},"excerpt":{"rendered":"<p>\u00c0 convite da Prefeitura de Boa Vista (RR), a Neo Ventures esteve presente na primeira edi\u00e7\u00e3o do Boa Vista Tech Week. O encontro foi fundamental para ampliar o ecossistema de inova\u00e7\u00e3o na regi\u00e3o Norte, al\u00e9m de conhecer mais sobre as iniciativas locais, empreendedores e solu\u00e7\u00f5es. &nbsp; A presen\u00e7a da Neo Ventures refor\u00e7a o objetivo de [&hellip;]<\/p>\n","protected":false},"author":1,"featured_media":2115,"comment_status":"open","ping_status":"open","sticky":false,"template":"","format":"standard","meta":{"content-type":"","inline_featured_image":false,"footnotes":""},"categories":[533],"tags":[],"class_list":["post-2114","post","type-post","status-publish","format-standard","has-post-thumbnail","hentry","category-noticias"],"acf":[],"yoast_head":"<!-- This site is optimized with the Yoast SEO plugin v27.5 - https:\/\/yoast.com\/product\/yoast-seo-wordpress\/ -->\n<title>Neo Ventures marca presen\u00e7a no Boa Vista Tech Week, em RR<\/title>\n<meta name=\"description\" content=\"\u00c0 convite da Prefeitura de Boa Vista (RR), a Neo Ventures esteve presente na primeira edi\u00e7\u00e3o do Boa Vista Tech Week. Veja mais...\" \/>\n<meta name=\"robots\" content=\"index, follow, max-snippet:-1, max-image-preview:large, max-video-preview:-1\" \/>\n<link rel=\"canonical\" href=\"https:\/\/neoventures.global\/en\/noticias\/neo-ventures-boa-vista-tech-week\/\" \/>\n<meta property=\"og:locale\" content=\"en_US\" \/>\n<meta property=\"og:type\" content=\"article\" \/>\n<meta property=\"og:title\" content=\"Neo Ventures marca presen\u00e7a no Boa Vista Tech Week, em RR\" \/>\n<meta property=\"og:description\" content=\"\u00c0 convite da Prefeitura de Boa Vista (RR), a Neo Ventures esteve presente na primeira edi\u00e7\u00e3o do Boa Vista Tech Week. Veja mais...\" \/>\n<meta property=\"og:url\" content=\"https:\/\/neoventures.global\/en\/noticias\/neo-ventures-boa-vista-tech-week\/\" \/>\n<meta property=\"og:site_name\" content=\"Neo Ventures\" \/>\n<meta property=\"article:published_time\" content=\"2023-12-14T17:53:36+00:00\" \/>\n<meta property=\"article:modified_time\" content=\"2023-12-14T17:56:08+00:00\" \/>\n<meta property=\"og:image\" content=\"https:\/\/neoventures.global\/novosite\/wp-content\/uploads\/2023\/12\/WhatsApp-Image-2023-11-27-at-11.45.59-e1702576114603.jpeg\" \/>\n\t<meta property=\"og:image:width\" content=\"1200\" \/>\n\t<meta property=\"og:image:height\" content=\"784\" \/>\n\t<meta property=\"og:image:type\" content=\"image\/jpeg\" \/>\n<meta name=\"author\" content=\"admcap\" \/>\n<meta name=\"twitter:card\" content=\"summary_large_image\" \/>\n<meta name=\"twitter:label1\" content=\"Written by\" \/>\n\t<meta name=\"twitter:data1\" content=\"admcap\" \/>\n\t<meta name=\"twitter:label2\" content=\"Est. reading time\" \/>\n\t<meta name=\"twitter:data2\" content=\"2 minutes\" \/>\n<script type=\"application\/ld+json\" class=\"yoast-schema-graph\">{\"@context\":\"https:\\\/\\\/schema.org\",\"@graph\":[{\"@type\":\"Article\",\"@id\":\"https:\\\/\\\/neoventures.global\\\/noticias\\\/neo-ventures-boa-vista-tech-week\\\/#article\",\"isPartOf\":{\"@id\":\"https:\\\/\\\/neoventures.global\\\/noticias\\\/neo-ventures-boa-vista-tech-week\\\/\"},\"author\":{\"name\":\"admcap\",\"@id\":\"https:\\\/\\\/neoventures.global\\\/#\\\/schema\\\/person\\\/5af699972448cdaac936c5c7027186f8\"},\"headline\":\"Neo Ventures marca presen\u00e7a no Boa Vista Tech Week\",\"datePublished\":\"2023-12-14T17:53:36+00:00\",\"dateModified\":\"2023-12-14T17:56:08+00:00\",\"mainEntityOfPage\":{\"@id\":\"https:\\\/\\\/neoventures.global\\\/noticias\\\/neo-ventures-boa-vista-tech-week\\\/\"},\"wordCount\":361,\"commentCount\":0,\"image\":{\"@id\":\"https:\\\/\\\/neoventures.global\\\/noticias\\\/neo-ventures-boa-vista-tech-week\\\/#primaryimage\"},\"thumbnailUrl\":\"https:\\\/\\\/neoventures.global\\\/novosite\\\/wp-content\\\/uploads\\\/2023\\\/12\\\/WhatsApp-Image-2023-11-27-at-11.45.59-e1702576114603.jpeg\",\"articleSection\":[\"Not\u00edcias\"],\"inLanguage\":\"en-US\",\"potentialAction\":[{\"@type\":\"CommentAction\",\"name\":\"Comment\",\"target\":[\"https:\\\/\\\/neoventures.global\\\/noticias\\\/neo-ventures-boa-vista-tech-week\\\/#respond\"]}]},{\"@type\":\"WebPage\",\"@id\":\"https:\\\/\\\/neoventures.global\\\/noticias\\\/neo-ventures-boa-vista-tech-week\\\/\",\"url\":\"https:\\\/\\\/neoventures.global\\\/noticias\\\/neo-ventures-boa-vista-tech-week\\\/\",\"name\":\"Neo Ventures marca presen\u00e7a no Boa Vista Tech Week, em RR\",\"isPartOf\":{\"@id\":\"https:\\\/\\\/neoventures.global\\\/#website\"},\"primaryImageOfPage\":{\"@id\":\"https:\\\/\\\/neoventures.global\\\/noticias\\\/neo-ventures-boa-vista-tech-week\\\/#primaryimage\"},\"image\":{\"@id\":\"https:\\\/\\\/neoventures.global\\\/noticias\\\/neo-ventures-boa-vista-tech-week\\\/#primaryimage\"},\"thumbnailUrl\":\"https:\\\/\\\/neoventures.global\\\/novosite\\\/wp-content\\\/uploads\\\/2023\\\/12\\\/WhatsApp-Image-2023-11-27-at-11.45.59-e1702576114603.jpeg\",\"datePublished\":\"2023-12-14T17:53:36+00:00\",\"dateModified\":\"2023-12-14T17:56:08+00:00\",\"author\":{\"@id\":\"https:\\\/\\\/neoventures.global\\\/#\\\/schema\\\/person\\\/5af699972448cdaac936c5c7027186f8\"},\"description\":\"\u00c0 convite da Prefeitura de Boa Vista (RR), a Neo Ventures esteve presente na primeira edi\u00e7\u00e3o do Boa Vista Tech Week. Veja mais...\",\"breadcrumb\":{\"@id\":\"https:\\\/\\\/neoventures.global\\\/noticias\\\/neo-ventures-boa-vista-tech-week\\\/#breadcrumb\"},\"inLanguage\":\"en-US\",\"potentialAction\":[{\"@type\":\"ReadAction\",\"target\":[\"https:\\\/\\\/neoventures.global\\\/noticias\\\/neo-ventures-boa-vista-tech-week\\\/\"]}]},{\"@type\":\"ImageObject\",\"inLanguage\":\"en-US\",\"@id\":\"https:\\\/\\\/neoventures.global\\\/noticias\\\/neo-ventures-boa-vista-tech-week\\\/#primaryimage\",\"url\":\"https:\\\/\\\/neoventures.global\\\/novosite\\\/wp-content\\\/uploads\\\/2023\\\/12\\\/WhatsApp-Image-2023-11-27-at-11.45.59-e1702576114603.jpeg\",\"contentUrl\":\"https:\\\/\\\/neoventures.global\\\/novosite\\\/wp-content\\\/uploads\\\/2023\\\/12\\\/WhatsApp-Image-2023-11-27-at-11.45.59-e1702576114603.jpeg\",\"width\":1200,\"height\":784,\"caption\":\"Neo Ventures no Boa Vista Tech Week\"},{\"@type\":\"BreadcrumbList\",\"@id\":\"https:\\\/\\\/neoventures.global\\\/noticias\\\/neo-ventures-boa-vista-tech-week\\\/#breadcrumb\",\"itemListElement\":[{\"@type\":\"ListItem\",\"position\":1,\"name\":\"In\u00edcio\",\"item\":\"https:\\\/\\\/neoventures.global\\\/\"},{\"@type\":\"ListItem\",\"position\":2,\"name\":\"Neo Ventures marca presen\u00e7a no Boa Vista Tech Week\"}]},{\"@type\":\"WebSite\",\"@id\":\"https:\\\/\\\/neoventures.global\\\/#website\",\"url\":\"https:\\\/\\\/neoventures.global\\\/\",\"name\":\"Neo Ventures\",\"description\":\"\",\"potentialAction\":[{\"@type\":\"SearchAction\",\"target\":{\"@type\":\"EntryPoint\",\"urlTemplate\":\"https:\\\/\\\/neoventures.global\\\/?s={search_term_string}\"},\"query-input\":{\"@type\":\"PropertyValueSpecification\",\"valueRequired\":true,\"valueName\":\"search_term_string\"}}],\"inLanguage\":\"en-US\"},{\"@type\":\"Person\",\"@id\":\"https:\\\/\\\/neoventures.global\\\/#\\\/schema\\\/person\\\/5af699972448cdaac936c5c7027186f8\",\"name\":\"admcap\",\"image\":{\"@type\":\"ImageObject\",\"inLanguage\":\"en-US\",\"@id\":\"https:\\\/\\\/secure.gravatar.com\\\/avatar\\\/146b72d10e3d87ddaf12d4e664d6458832fc8428b3c8be1aa6d516498405b5d1?s=96&d=mm&r=g\",\"url\":\"https:\\\/\\\/secure.gravatar.com\\\/avatar\\\/146b72d10e3d87ddaf12d4e664d6458832fc8428b3c8be1aa6d516498405b5d1?s=96&d=mm&r=g\",\"contentUrl\":\"https:\\\/\\\/secure.gravatar.com\\\/avatar\\\/146b72d10e3d87ddaf12d4e664d6458832fc8428b3c8be1aa6d516498405b5d1?s=96&d=mm&r=g\",\"caption\":\"admcap\"},\"sameAs\":[\"https:\\\/\\\/neoventures.global\\\/novosite\"],\"url\":\"https:\\\/\\\/neoventures.global\\\/en\\\/author\\\/admcap\\\/\"}]}<\/script>\n<!-- \/ Yoast SEO plugin. -->","yoast_head_json":{"title":"Neo Ventures marca presen\u00e7a no Boa Vista Tech Week, em RR","description":"\u00c0 convite da Prefeitura de Boa Vista (RR), a Neo Ventures esteve presente na primeira edi\u00e7\u00e3o do Boa Vista Tech Week. Veja mais...","robots":{"index":"index","follow":"follow","max-snippet":"max-snippet:-1","max-image-preview":"max-image-preview:large","max-video-preview":"max-video-preview:-1"},"canonical":"https:\/\/neoventures.global\/en\/noticias\/neo-ventures-boa-vista-tech-week\/","og_locale":"en_US","og_type":"article","og_title":"Neo Ventures marca presen\u00e7a no Boa Vista Tech Week, em RR","og_description":"\u00c0 convite da Prefeitura de Boa Vista (RR), a Neo Ventures esteve presente na primeira edi\u00e7\u00e3o do Boa Vista Tech Week. Veja mais...","og_url":"https:\/\/neoventures.global\/en\/noticias\/neo-ventures-boa-vista-tech-week\/","og_site_name":"Neo Ventures","article_published_time":"2023-12-14T17:53:36+00:00","article_modified_time":"2023-12-14T17:56:08+00:00","og_image":[{"width":1200,"height":784,"url":"https:\/\/neoventures.global\/novosite\/wp-content\/uploads\/2023\/12\/WhatsApp-Image-2023-11-27-at-11.45.59-e1702576114603.jpeg","type":"image\/jpeg"}],"author":"admcap","twitter_card":"summary_large_image","twitter_misc":{"Written by":"admcap","Est. reading time":"2 minutes"},"schema":{"@context":"https:\/\/schema.org","@graph":[{"@type":"Article","@id":"https:\/\/neoventures.global\/noticias\/neo-ventures-boa-vista-tech-week\/#article","isPartOf":{"@id":"https:\/\/neoventures.global\/noticias\/neo-ventures-boa-vista-tech-week\/"},"author":{"name":"admcap","@id":"https:\/\/neoventures.global\/#\/schema\/person\/5af699972448cdaac936c5c7027186f8"},"headline":"Neo Ventures marca presen\u00e7a no Boa Vista Tech Week","datePublished":"2023-12-14T17:53:36+00:00","dateModified":"2023-12-14T17:56:08+00:00","mainEntityOfPage":{"@id":"https:\/\/neoventures.global\/noticias\/neo-ventures-boa-vista-tech-week\/"},"wordCount":361,"commentCount":0,"image":{"@id":"https:\/\/neoventures.global\/noticias\/neo-ventures-boa-vista-tech-week\/#primaryimage"},"thumbnailUrl":"https:\/\/neoventures.global\/novosite\/wp-content\/uploads\/2023\/12\/WhatsApp-Image-2023-11-27-at-11.45.59-e1702576114603.jpeg","articleSection":["Not\u00edcias"],"inLanguage":"en-US","potentialAction":[{"@type":"CommentAction","name":"Comment","target":["https:\/\/neoventures.global\/noticias\/neo-ventures-boa-vista-tech-week\/#respond"]}]},{"@type":"WebPage","@id":"https:\/\/neoventures.global\/noticias\/neo-ventures-boa-vista-tech-week\/","url":"https:\/\/neoventures.global\/noticias\/neo-ventures-boa-vista-tech-week\/","name":"Neo Ventures marca presen\u00e7a no Boa Vista Tech Week, em RR","isPartOf":{"@id":"https:\/\/neoventures.global\/#website"},"primaryImageOfPage":{"@id":"https:\/\/neoventures.global\/noticias\/neo-ventures-boa-vista-tech-week\/#primaryimage"},"image":{"@id":"https:\/\/neoventures.global\/noticias\/neo-ventures-boa-vista-tech-week\/#primaryimage"},"thumbnailUrl":"https:\/\/neoventures.global\/novosite\/wp-content\/uploads\/2023\/12\/WhatsApp-Image-2023-11-27-at-11.45.59-e1702576114603.jpeg","datePublished":"2023-12-14T17:53:36+00:00","dateModified":"2023-12-14T17:56:08+00:00","author":{"@id":"https:\/\/neoventures.global\/#\/schema\/person\/5af699972448cdaac936c5c7027186f8"},"description":"\u00c0 convite da Prefeitura de Boa Vista (RR), a Neo Ventures esteve presente na primeira edi\u00e7\u00e3o do Boa Vista Tech Week. Veja mais...","breadcrumb":{"@id":"https:\/\/neoventures.global\/noticias\/neo-ventures-boa-vista-tech-week\/#breadcrumb"},"inLanguage":"en-US","potentialAction":[{"@type":"ReadAction","target":["https:\/\/neoventures.global\/noticias\/neo-ventures-boa-vista-tech-week\/"]}]},{"@type":"ImageObject","inLanguage":"en-US","@id":"https:\/\/neoventures.global\/noticias\/neo-ventures-boa-vista-tech-week\/#primaryimage","url":"https:\/\/neoventures.global\/novosite\/wp-content\/uploads\/2023\/12\/WhatsApp-Image-2023-11-27-at-11.45.59-e1702576114603.jpeg","contentUrl":"https:\/\/neoventures.global\/novosite\/wp-content\/uploads\/2023\/12\/WhatsApp-Image-2023-11-27-at-11.45.59-e1702576114603.jpeg","width":1200,"height":784,"caption":"Neo Ventures no Boa Vista Tech Week"},{"@type":"BreadcrumbList","@id":"https:\/\/neoventures.global\/noticias\/neo-ventures-boa-vista-tech-week\/#breadcrumb","itemListElement":[{"@type":"ListItem","position":1,"name":"In\u00edcio","item":"https:\/\/neoventures.global\/"},{"@type":"ListItem","position":2,"name":"Neo Ventures marca presen\u00e7a no Boa Vista Tech Week"}]},{"@type":"WebSite","@id":"https:\/\/neoventures.global\/#website","url":"https:\/\/neoventures.global\/","name":"Neo Ventures","description":"","potentialAction":[{"@type":"SearchAction","target":{"@type":"EntryPoint","urlTemplate":"https:\/\/neoventures.global\/?s={search_term_string}"},"query-input":{"@type":"PropertyValueSpecification","valueRequired":true,"valueName":"search_term_string"}}],"inLanguage":"en-US"},{"@type":"Person","@id":"https:\/\/neoventures.global\/#\/schema\/person\/5af699972448cdaac936c5c7027186f8","name":"admcap","image":{"@type":"ImageObject","inLanguage":"en-US","@id":"https:\/\/secure.gravatar.com\/avatar\/146b72d10e3d87ddaf12d4e664d6458832fc8428b3c8be1aa6d516498405b5d1?s=96&d=mm&r=g","url":"https:\/\/secure.gravatar.com\/avatar\/146b72d10e3d87ddaf12d4e664d6458832fc8428b3c8be1aa6d516498405b5d1?s=96&d=mm&r=g","contentUrl":"https:\/\/secure.gravatar.com\/avatar\/146b72d10e3d87ddaf12d4e664d6458832fc8428b3c8be1aa6d516498405b5d1?s=96&d=mm&r=g","caption":"admcap"},"sameAs":["https:\/\/neoventures.global\/novosite"],"url":"https:\/\/neoventures.global\/en\/author\/admcap\/"}]}},"_links":{"self":[{"href":"https:\/\/neoventures.global\/en\/wp-json\/wp\/v2\/posts\/2114","targetHints":{"allow":["GET"]}}],"collection":[{"href":"https:\/\/neoventures.global\/en\/wp-json\/wp\/v2\/posts"}],"about":[{"href":"https:\/\/neoventures.global\/en\/wp-json\/wp\/v2\/types\/post"}],"author":[{"embeddable":true,"href":"https:\/\/neoventures.global\/en\/wp-json\/wp\/v2\/users\/1"}],"replies":[{"embeddable":true,"href":"https:\/\/neoventures.global\/en\/wp-json\/wp\/v2\/comments?post=2114"}],"version-history":[{"count":3,"href":"https:\/\/neoventures.global\/en\/wp-json\/wp\/v2\/posts\/2114\/revisions"}],"predecessor-version":[{"id":2119,"href":"https:\/\/neoventures.global\/en\/wp-json\/wp\/v2\/posts\/2114\/revisions\/2119"}],"wp:featuredmedia":[{"embeddable":true,"href":"https:\/\/neoventures.global\/en\/wp-json\/wp\/v2\/media\/2115"}],"wp:attachment":[{"href":"https:\/\/neoventures.global\/en\/wp-json\/wp\/v2\/media?parent=2114"}],"wp:term":[{"taxonomy":"category","embeddable":true,"href":"https:\/\/neoventures.global\/en\/wp-json\/wp\/v2\/categories?post=2114"},{"taxonomy":"post_tag","embeddable":true,"href":"https:\/\/neoventures.global\/en\/wp-json\/wp\/v2\/tags?post=2114"}],"curies":[{"name":"wp","href":"https:\/\/api.w.org\/{rel}","templated":true}]}}