{"id":2295,"date":"2025-05-28T18:05:04","date_gmt":"2025-05-28T21:05:04","guid":{"rendered":"https:\/\/neoventures.global\/?p=2295"},"modified":"2025-07-02T11:00:07","modified_gmt":"2025-07-02T14:00:07","slug":"junho-eventos-de-negocios-e-tecnologia","status":"publish","type":"post","link":"https:\/\/neoventures.global\/en\/noticias\/junho-eventos-de-negocios-e-tecnologia\/","title":{"rendered":"Junho: confira eventos de Neg\u00f3cios e Tecnologia desse m\u00eas"},"content":{"rendered":"<p><span style=\"font-weight: 400;\">Junho chega repleto de oportunidades para quem busca se conectar com o que h\u00e1 de mais novo no universo dos neg\u00f3cios, <a href=\"https:\/\/neoventures.global\/en\/startups-es\/startup-a-scale-up-desafios-e-solucoes-para-crescer\/\">startups<\/a> e inova\u00e7\u00e3o. Seja no Brasil ou no exterior, diversos eventos prometem reunir grandes nomes, apresentar tend\u00eancias e fomentar o networking. Confira alguns destaques e programe-se:<\/span><\/p>\n<h2><b>Eventos nacionais<\/b><\/h2>\n<h3><span style=\"font-weight: 400;\">VTEX Day<\/span><span style=\"font-weight: 400;\"><br \/>\n<\/span><\/h3>\n<ul>\n<li style=\"font-weight: 400;\" aria-level=\"2\"><b>Data:<\/b><span style=\"font-weight: 400;\"> 2 e 3 de junho de 2025<\/span><\/li>\n<li style=\"font-weight: 400;\" aria-level=\"2\"><b>Local:<\/b><span style=\"font-weight: 400;\"> S\u00e3o Paulo, SP<\/span><\/li>\n<li style=\"font-weight: 400;\" aria-level=\"2\"><b>Sobre:<\/b><span style=\"font-weight: 400;\"> Evento de refer\u00eancia em <\/span><i><span style=\"font-weight: 400;\">digital commerce<\/span><\/i><span style=\"font-weight: 400;\">, sendo um dos maiores do mundo no nicho. Uma edi\u00e7\u00e3o focada em solu\u00e7\u00f5es inovadoras e conhecimento.<\/span><\/li>\n<li style=\"font-weight: 400;\" aria-level=\"2\"><b>Site:<\/b><span style=\"font-weight: 400;\"> https:\/\/vtexday.vtex.com<\/span><\/li>\n<\/ul>\n<h3><span style=\"font-weight: 400;\">Converg\u00eancia 2025: Inova\u00e7\u00e3o P\u00fablica. Conex\u00e3o Humana!<\/span><span style=\"font-weight: 400;\"><br \/>\n<\/span><\/h3>\n<ul>\n<li style=\"font-weight: 400;\" aria-level=\"2\"><b>Data:<\/b><span style=\"font-weight: 400;\"> 2 a 4 de junho de 2025<\/span><\/li>\n<li style=\"font-weight: 400;\" aria-level=\"2\"><b>Local:<\/b><span style=\"font-weight: 400;\"> Belo Horizonte, MG<\/span><\/li>\n<li style=\"font-weight: 400;\" aria-level=\"2\"><b>Sobre:<\/b><span style=\"font-weight: 400;\"> Um dos maiores eventos de inova\u00e7\u00e3o no setor p\u00fablico brasileiro, com diversas atividades e certificado de participa\u00e7\u00e3o gratuito.<\/span><\/li>\n<li style=\"font-weight: 400;\" aria-level=\"2\"><b>Site:<\/b> <a href=\"https:\/\/www.conexaoinovacaopublica.org\/\"><span style=\"font-weight: 400;\">https:\/\/www.conexaoinovacaopublica.org\/<\/span><\/a><\/li>\n<\/ul>\n<h3><span style=\"font-weight: 400;\">Gramado Summit<\/span><span style=\"font-weight: 400;\"><br \/>\n<\/span><\/h3>\n<ul>\n<li style=\"font-weight: 400;\" aria-level=\"2\"><b>Data:<\/b><span style=\"font-weight: 400;\"> 4 a 6 de junho de 2025<\/span><\/li>\n<li style=\"font-weight: 400;\" aria-level=\"2\"><b>Local:<\/b><span style=\"font-weight: 400;\"> Gramado, RS<\/span><\/li>\n<li style=\"font-weight: 400;\" aria-level=\"2\"><b>Sobre:<\/b><span style=\"font-weight: 400;\"> Um dos maiores eventos de inova\u00e7\u00e3o da Am\u00e9rica Latina, conectando empreendedores, investidores e especialistas do mercado corporativo. Conta com palestras, pain\u00e9is e feira de neg\u00f3cios.<\/span><\/li>\n<li style=\"font-weight: 400;\" aria-level=\"2\"><b>Site:<\/b><a href=\"https:\/\/www.gramadosummit.com\/\"> <span style=\"font-weight: 400;\">https:\/\/www.gramadosummit.com\/<\/span><\/a><\/li>\n<\/ul>\n<h3><span style=\"font-weight: 400;\">Minas Summit<\/span><span style=\"font-weight: 400;\"><br \/>\n<\/span><\/h3>\n<ul>\n<li style=\"font-weight: 400;\" aria-level=\"2\"><b>Data:<\/b><span style=\"font-weight: 400;\"> 5 e 6 de junho de 2025<\/span><\/li>\n<li style=\"font-weight: 400;\" aria-level=\"2\"><b>Local:<\/b><span style=\"font-weight: 400;\"> Belo Horizonte, MG<\/span><\/li>\n<li style=\"font-weight: 400;\" aria-level=\"2\"><b>Sobre:<\/b><span style=\"font-weight: 400;\"> O maior evento de inova\u00e7\u00e3o de Minas Gerais, reunindo l\u00edderes, startups e mentes criativas para explorar o futuro da tecnologia e do empreendedorismo. Inclui a Open Innovation Week.<\/span><\/li>\n<li style=\"font-weight: 400;\" aria-level=\"2\"><b>Site:<\/b><a href=\"https:\/\/minassummit.com\/\"> <span style=\"font-weight: 400;\">https:\/\/minassummit.com\/<\/span><\/a><\/li>\n<\/ul>\n<h3><span style=\"font-weight: 400;\">Febraban Tech<\/span><span style=\"font-weight: 400;\"><br \/>\n<\/span><\/h3>\n<ul>\n<li style=\"font-weight: 400;\" aria-level=\"2\"><b>Data:<\/b><span style=\"font-weight: 400;\"> 10 a 12 de junho de 2025<\/span><\/li>\n<li style=\"font-weight: 400;\" aria-level=\"2\"><b>Local:<\/b><span style=\"font-weight: 400;\"> S\u00e3o Paulo, SP<\/span><\/li>\n<li style=\"font-weight: 400;\" aria-level=\"2\"><b>Sobre:<\/b><span style=\"font-weight: 400;\"> Organizado pela Febraban, re\u00fane <a href=\"https:\/\/neoventures.global\/en\/neo-ventures\/estilos-de-lideranca-inspire-sua-equipe-e-impulsione-a-inovacao\/\">l\u00edderes<\/a> do mercado financeiro, especialistas em tecnologia e autoridades para debater tend\u00eancias da transforma\u00e7\u00e3o digital no setor.<\/span><\/li>\n<li style=\"font-weight: 400;\" aria-level=\"2\"><b>Site:<\/b><span style=\"font-weight: 400;\"> https:\/\/www.febrabantech.com\/<\/span><\/li>\n<\/ul>\n<h2><b>Eventos Internacionais:<\/b><\/h2>\n<h3><span style=\"font-weight: 400;\">Money 20\/20 Europe<\/span><span style=\"font-weight: 400;\"><br \/>\n<\/span><\/h3>\n<ul>\n<li style=\"font-weight: 400;\" aria-level=\"2\"><b>Data:<\/b><span style=\"font-weight: 400;\"> 3 a 5 de junho de 2025<\/span><\/li>\n<li style=\"font-weight: 400;\" aria-level=\"2\"><b>Local:<\/b><span style=\"font-weight: 400;\"> Amsterdam, Holanda<\/span><\/li>\n<li style=\"font-weight: 400;\" aria-level=\"2\"><b>Sobre:<\/b><span style=\"font-weight: 400;\"> Importante evento focado em fintech e servi\u00e7os financeiros.<\/span><\/li>\n<li style=\"font-weight: 400;\" aria-level=\"2\"><b>Site:<\/b><a href=\"https:\/\/europe.money2020.com\/\"> <span style=\"font-weight: 400;\">https:\/\/europe.money2020.com\/<\/span><\/a><\/li>\n<\/ul>\n<h3><span style=\"font-weight: 400;\">Arctic15<\/span><span style=\"font-weight: 400;\"><br \/>\n<\/span><\/h3>\n<ul>\n<li style=\"font-weight: 400;\" aria-level=\"2\"><b>Data:<\/b><span style=\"font-weight: 400;\"> 4 e 5 de junho de 2025<\/span><\/li>\n<li style=\"font-weight: 400;\" aria-level=\"2\"><b>Local:<\/b><span style=\"font-weight: 400;\"> Helsinki, Finl\u00e2ndia<\/span><\/li>\n<li style=\"font-weight: 400;\" aria-level=\"2\"><b>Sobre:<\/b><span style=\"font-weight: 400;\"> Evento que conecta fundadores, l\u00edderes de pensamento e investidores da Europa, \u00c1sia e EUA, com foco em valor de neg\u00f3cios real e networking eficaz.<\/span><\/li>\n<li style=\"font-weight: 400;\" aria-level=\"2\"><b>Site:<\/b><a href=\"https:\/\/arctic15.com\/\"> <span style=\"font-weight: 400;\">https:\/\/arctic15.com\/<\/span><\/a><\/li>\n<\/ul>\n<h3><span style=\"font-weight: 400;\">WMF - We Make Future<\/span><span style=\"font-weight: 400;\"><br \/>\n<\/span><\/h3>\n<ul>\n<li style=\"font-weight: 400;\" aria-level=\"2\"><b>Data:<\/b><span style=\"font-weight: 400;\"> 4 a 6 de junho de 2025<\/span><\/li>\n<li style=\"font-weight: 400;\" aria-level=\"2\"><b>Local:<\/b><span style=\"font-weight: 400;\"> Bolonha, It\u00e1lia<\/span><\/li>\n<li style=\"font-weight: 400;\" aria-level=\"2\"><b>Sobre:<\/b><span style=\"font-weight: 400;\"> Feira e festival internacional sobre Intelig\u00eancia Artificial, tecnologia e inova\u00e7\u00e3o digital, com mais de 100 eventos educacionais, de neg\u00f3cios e entretenimento.<\/span><\/li>\n<li style=\"font-weight: 400;\" aria-level=\"2\"><b>Site:<\/b><a href=\"https:\/\/en.wemakefuture.it\/\"> <span style=\"font-weight: 400;\">https:\/\/en.wemakefuture.it\/<\/span><\/a><\/li>\n<\/ul>\n<h3><span style=\"font-weight: 400;\">South Summit<\/span><span style=\"font-weight: 400;\"><br \/>\n<\/span><\/h3>\n<ul>\n<li style=\"font-weight: 400;\" aria-level=\"2\"><b>Data:<\/b><span style=\"font-weight: 400;\"> 4 a 6 de junho de 2025<\/span><\/li>\n<li style=\"font-weight: 400;\" aria-level=\"2\"><b>Local:<\/b><span style=\"font-weight: 400;\"> Madrid, Espanha<\/span><\/li>\n<li style=\"font-weight: 400;\" aria-level=\"2\"><b>Sobre:<\/b><span style=\"font-weight: 400;\"> Plataforma global de inova\u00e7\u00e3o que conecta startups, investidores e corpora\u00e7\u00f5es, enfatizando o empreendedorismo como for\u00e7a para o bem.<\/span><\/li>\n<li style=\"font-weight: 400;\" aria-level=\"2\"><b>Site:<\/b><a href=\"https:\/\/www.southsummit.io\/\"> <span style=\"font-weight: 400;\">https:\/\/www.southsummit.io\/<\/span><\/a><\/li>\n<\/ul>\n<h3><span style=\"font-weight: 400;\">Non-Fungible Conference (NFC)<\/span><span style=\"font-weight: 400;\"><br \/>\n<\/span><\/h3>\n<ul>\n<li style=\"font-weight: 400;\" aria-level=\"2\"><b>Data:<\/b><span style=\"font-weight: 400;\"> 4 a 6 de junho de 2025<\/span><\/li>\n<li style=\"font-weight: 400;\" aria-level=\"2\"><b>Local:<\/b><span style=\"font-weight: 400;\"> Lisboa, Portugal<\/span><\/li>\n<li style=\"font-weight: 400;\" aria-level=\"2\"><b>Sobre:<\/b><span style=\"font-weight: 400;\"> Confer\u00eancia dedicada a NFTs e ao futuro da Web3.<\/span><\/li>\n<li style=\"font-weight: 400;\" aria-level=\"2\"><b>Site:<\/b><a href=\"https:\/\/www.nonfungibleconference.com\"> <span style=\"font-weight: 400;\">https:\/\/www.nonfungibleconference.com<\/span><\/a><\/li>\n<\/ul>\n<h3><span style=\"font-weight: 400;\">Hinterland of Things<\/span><span style=\"font-weight: 400;\"><br \/>\n<\/span><\/h3>\n<ul>\n<li style=\"font-weight: 400;\" aria-level=\"2\"><b>Data:<\/b><span style=\"font-weight: 400;\"> 5 de junho de 2025<\/span><\/li>\n<li style=\"font-weight: 400;\" aria-level=\"2\"><b>Local:<\/b><span style=\"font-weight: 400;\"> Bielefeld, Alemanha<\/span><\/li>\n<li style=\"font-weight: 400;\" aria-level=\"2\"><b>Sobre:<\/b><span style=\"font-weight: 400;\"> Confer\u00eancia que conecta l\u00edderes estabelecidos com empreendedores e inovadores.<\/span><\/li>\n<li style=\"font-weight: 400;\" aria-level=\"2\"><b>Site:<\/b><a href=\"https:\/\/hinterlandofthings.com\/\"> <span style=\"font-weight: 400;\">https:\/\/hinterlandofthings.com\/<\/span><\/a><\/li>\n<\/ul>\n<h3><span style=\"font-weight: 400;\">Moldova Digital Summit<\/span><span style=\"font-weight: 400;\"><br \/>\n<\/span><\/h3>\n<ul>\n<li style=\"font-weight: 400;\" aria-level=\"2\"><b>Data:<\/b><span style=\"font-weight: 400;\"> 5 a 7 de junho de 2025<\/span><\/li>\n<li style=\"font-weight: 400;\" aria-level=\"2\"><b>Local:<\/b><span style=\"font-weight: 400;\"> Chisinau, Mold\u00e1via<\/span><\/li>\n<li style=\"font-weight: 400;\" aria-level=\"2\"><b>Sobre:<\/b><span style=\"font-weight: 400;\"> Evento focado na transforma\u00e7\u00e3o digital e inova\u00e7\u00e3o na Mold\u00e1via.<\/span><\/li>\n<li style=\"font-weight: 400;\" aria-level=\"2\"><b>Site:<\/b><a href=\"https:\/\/moldovadigitalsummit.md\/\"> <span style=\"font-weight: 400;\">https:\/\/moldovadigitalsummit.md\/<\/span><\/a><\/li>\n<\/ul>\n<h3><span style=\"font-weight: 400;\">London Tech Week<\/span><span style=\"font-weight: 400;\"><br \/>\n<\/span><\/h3>\n<ul>\n<li style=\"font-weight: 400;\" aria-level=\"2\"><b>Data:<\/b><span style=\"font-weight: 400;\"> 9 a 13 de junho de 2025<\/span><\/li>\n<li style=\"font-weight: 400;\" aria-level=\"2\"><b>Local:<\/b><span style=\"font-weight: 400;\"> Londres, Reino Unido<\/span><\/li>\n<li style=\"font-weight: 400;\" aria-level=\"2\"><b>Sobre:<\/b><span style=\"font-weight: 400;\"> O maior festival de tecnologia do Reino Unido, reunindo inovadores globais e entusiastas da tecnologia para moldar o futuro atrav\u00e9s de discuss\u00f5es, exposi\u00e7\u00f5es e networking.<\/span><\/li>\n<li style=\"font-weight: 400;\" aria-level=\"2\"><b>Site:<\/b><a href=\"https:\/\/londontechweek.com\/\"> <span style=\"font-weight: 400;\">https:\/\/londontechweek.com\/<\/span><\/a><\/li>\n<\/ul>\n<h3><span style=\"font-weight: 400;\">Viva Technology<\/span><span style=\"font-weight: 400;\"><br \/>\n<\/span><\/h3>\n<ul>\n<li style=\"font-weight: 400;\" aria-level=\"2\"><b>Data:<\/b><span style=\"font-weight: 400;\"> 11 a 14 de junho de 2025<\/span><\/li>\n<li style=\"font-weight: 400;\" aria-level=\"2\"><b>Local:<\/b><span style=\"font-weight: 400;\"> Paris, Fran\u00e7a<\/span><\/li>\n<li style=\"font-weight: 400;\" aria-level=\"2\"><b>Sobre:<\/b><span style=\"font-weight: 400;\"> Uma confer\u00eancia global de tecnologia que conecta startups, l\u00edderes de tecnologia e grandes empresas para acelerar a inova\u00e7\u00e3o e fomentar a colabora\u00e7\u00e3o. Foca em \u00faltimas tend\u00eancias de IA, ciberseguran\u00e7a, metaverso e mais.<\/span><\/li>\n<li style=\"font-weight: 400;\" aria-level=\"2\"><b>Site:<\/b><a href=\"https:\/\/vivatechnology.com\/\"> <span style=\"font-weight: 400;\">https:\/\/vivatechnology.com\/<\/span><\/a><\/li>\n<\/ul>\n<h3><span style=\"font-weight: 400;\">Bucharest Tech Week<\/span><span style=\"font-weight: 400;\"><br \/>\n<\/span><\/h3>\n<ul>\n<li style=\"font-weight: 400;\" aria-level=\"2\"><b>Data:<\/b><span style=\"font-weight: 400;\"> 14 a 20 de junho de 2025<\/span><\/li>\n<li style=\"font-weight: 400;\" aria-level=\"2\"><b>Local:<\/b><span style=\"font-weight: 400;\"> Bucareste, Rom\u00eania<\/span><\/li>\n<li style=\"font-weight: 400;\" aria-level=\"2\"><b>Sobre:<\/b><span style=\"font-weight: 400;\"> Semana de tecnologia com diversos eventos e foco em inova\u00e7\u00e3o.<\/span><\/li>\n<li style=\"font-weight: 400;\" aria-level=\"2\"><b>Site:<\/b><a href=\"https:\/\/www.techweek.ro\/\"> <span style=\"font-weight: 400;\">https:\/\/www.techweek.ro\/<\/span><\/a><\/li>\n<\/ul>\n<h3><span style=\"font-weight: 400;\">GreenTech Forum<\/span><span style=\"font-weight: 400;\"><br \/>\n<\/span><\/h3>\n<ul>\n<li style=\"font-weight: 400;\" aria-level=\"2\"><b>Data:<\/b><span style=\"font-weight: 400;\"> 17 e 18 de junho de 2025<\/span><\/li>\n<li style=\"font-weight: 400;\" aria-level=\"2\"><b>Local:<\/b><span style=\"font-weight: 400;\"> Bruxelas, B\u00e9lgica<\/span><\/li>\n<li style=\"font-weight: 400;\" aria-level=\"2\"><b>Sobre:<\/b><span style=\"font-weight: 400;\"> F\u00f3rum dedicado a tecnologias verdes e sustentabilidade.<\/span><\/li>\n<li style=\"font-weight: 400;\" aria-level=\"2\"><b>Site:<\/b> <a href=\"https:\/\/www.greentech-forum-brussels.com\/\"><span style=\"font-weight: 400;\">https:\/\/www.greentech-forum-brussels.com\/<\/span><\/a><\/li>\n<\/ul>\n<h3><span style=\"font-weight: 400;\">GCV Symposium<\/span><span style=\"font-weight: 400;\"><br \/>\n<\/span><\/h3>\n<ul>\n<li style=\"font-weight: 400;\" aria-level=\"2\"><b>Data:<\/b><span style=\"font-weight: 400;\"> 17 e 19 de junho de 2025<\/span><\/li>\n<li style=\"font-weight: 400;\" aria-level=\"2\"><b>Local:<\/b><span style=\"font-weight: 400;\"> Londres, Reino Unido<\/span><\/li>\n<li style=\"font-weight: 400;\" aria-level=\"2\"><b>Sobre:<\/b><span style=\"font-weight: 400;\"> Simp\u00f3sio focado em capital de risco corporativo global.<\/span><\/li>\n<li style=\"font-weight: 400;\" aria-level=\"2\"><b>Site:<\/b><a href=\"https:\/\/www.gcvsymposium.com\/\"> <span style=\"font-weight: 400;\">https:\/\/www.gcvsymposium.com\/<\/span><\/a><\/li>\n<\/ul>\n<h3><span style=\"font-weight: 400;\">SuperAI<\/span><span style=\"font-weight: 400;\"><br \/>\n<\/span><\/h3>\n<ul>\n<li style=\"font-weight: 400;\" aria-level=\"2\"><b>Data:<\/b><span style=\"font-weight: 400;\"> 18 e 19 de junho de 2025<\/span><\/li>\n<li style=\"font-weight: 400;\" aria-level=\"2\"><b>Local:<\/b><span style=\"font-weight: 400;\"> Singapura<\/span><\/li>\n<li style=\"font-weight: 400;\" aria-level=\"2\"><b>Sobre:<\/b><span style=\"font-weight: 400;\"> Confer\u00eancia sobre intelig\u00eancia artificial.<\/span><\/li>\n<li style=\"font-weight: 400;\" aria-level=\"2\"><b>Site:<\/b><a href=\"https:\/\/www.superai.com\/tickets\"> <span style=\"font-weight: 400;\">https:\/\/www.superai.com\/tickets<\/span><\/a><\/li>\n<\/ul>\n<h3><span style=\"font-weight: 400;\">The Next Web (TNW) Conference<\/span><span style=\"font-weight: 400;\"><br \/>\n<\/span><\/h3>\n<ul>\n<li style=\"font-weight: 400;\" aria-level=\"2\"><b>Data:<\/b><span style=\"font-weight: 400;\"> 19 e 20 de junho de 2025<\/span><\/li>\n<li style=\"font-weight: 400;\" aria-level=\"2\"><b>Local:<\/b><span style=\"font-weight: 400;\"> Amsterdam, Holanda<\/span><\/li>\n<li style=\"font-weight: 400;\" aria-level=\"2\"><b>Sobre:<\/b><span style=\"font-weight: 400;\"> Confer\u00eancia que busca informar e conectar a tecnologia com os desafios presentes e futuros, reunindo fundadores, investidores, formuladores de pol\u00edticas e mais.<\/span><\/li>\n<li style=\"font-weight: 400;\" aria-level=\"2\"><b>Site: <\/b><a href=\"https:\/\/thenextweb.com\/conference\"><span style=\"font-weight: 400;\">https:\/\/thenextweb.com\/conference<\/span><\/a><\/li>\n<\/ul>\n<h3><span style=\"font-weight: 400;\">BTC Prague<\/span><span style=\"font-weight: 400;\"><br \/>\n<\/span><\/h3>\n<ul>\n<li style=\"font-weight: 400;\" aria-level=\"2\"><b>Data:<\/b><span style=\"font-weight: 400;\"> 19 a 21 de junho de 2025<\/span><\/li>\n<li style=\"font-weight: 400;\" aria-level=\"2\"><b>Local:<\/b><span style=\"font-weight: 400;\"> Praga, Rep\u00fablica Tcheca<\/span><\/li>\n<li style=\"font-weight: 400;\" aria-level=\"2\"><b>Sobre:<\/b><span style=\"font-weight: 400;\"> Evento focado em Bitcoin.<\/span><\/li>\n<li style=\"font-weight: 400;\" aria-level=\"2\"><b>Site:<\/b><a href=\"https:\/\/btcprague.com\/#\"> <span style=\"font-weight: 400;\">https:\/\/btcprague.com\/<\/span><\/a><\/li>\n<\/ul>\n<h3><span style=\"font-weight: 400;\">World Venture Forum<\/span><span style=\"font-weight: 400;\"><br \/>\n<\/span><\/h3>\n<ul>\n<li style=\"font-weight: 400;\" aria-level=\"2\"><b>Data:<\/b><span style=\"font-weight: 400;\"> 30 de junho a 5 de julho de 2025<\/span><\/li>\n<li style=\"font-weight: 400;\" aria-level=\"2\"><b>Local:<\/b><span style=\"font-weight: 400;\"> Kitzb\u00fchel, \u00c1ustria<\/span><\/li>\n<li style=\"font-weight: 400;\" aria-level=\"2\"><b>Sobre:<\/b><span style=\"font-weight: 400;\"> F\u00f3rum global de capital de risco.<\/span><\/li>\n<li style=\"font-weight: 400;\" aria-level=\"2\"><b>Site:<\/b><a href=\"https:\/\/worldventureforum.info\/\"> <span style=\"font-weight: 400;\">https:\/\/worldventureforum.info\/<\/span><\/a><\/li>\n<\/ul>\n<p><span style=\"font-weight: 400;\">Prepare sua agenda e aproveite ao m\u00e1ximo as oportunidades de aprendizado e conex\u00e3o que os eventos de junho de 2025 te reserva!<\/span><\/p>","protected":false},"excerpt":{"rendered":"<p>Junho chega repleto de oportunidades para quem busca se conectar com o que h\u00e1 de mais novo no universo dos neg\u00f3cios, startups e inova\u00e7\u00e3o. Seja no Brasil ou no exterior, diversos eventos prometem reunir grandes nomes, apresentar tend\u00eancias e fomentar o networking. Confira alguns destaques e programe-se: Eventos nacionais VTEX Day Data: 2 e 3 [&hellip;]<\/p>\n","protected":false},"author":1,"featured_media":2296,"comment_status":"open","ping_status":"open","sticky":false,"template":"","format":"standard","meta":{"content-type":"","inline_featured_image":false,"footnotes":""},"categories":[533],"tags":[],"class_list":["post-2295","post","type-post","status-publish","format-standard","has-post-thumbnail","hentry","category-noticias"],"acf":[],"yoast_head":"<!-- This site is optimized with the Yoast SEO plugin v27.5 - https:\/\/yoast.com\/product\/yoast-seo-wordpress\/ -->\n<title>Junho: confira eventos de Neg\u00f3cios e Tecnologia desse m\u00eas - Neo Ventures<\/title>\n<meta name=\"description\" content=\"Confira nossa sele\u00e7\u00e3o de eventos de junho sobre neg\u00f3cios e tecnologia no Brasil e no mundo. Programe-se para n\u00e3o perder nenhuma oportunidade\" \/>\n<meta name=\"robots\" content=\"index, follow, max-snippet:-1, max-image-preview:large, max-video-preview:-1\" \/>\n<link rel=\"canonical\" href=\"https:\/\/neoventures.global\/en\/noticias\/junho-eventos-de-negocios-e-tecnologia\/\" \/>\n<meta property=\"og:locale\" content=\"en_US\" \/>\n<meta property=\"og:type\" content=\"article\" \/>\n<meta property=\"og:title\" content=\"Junho: confira eventos de Neg\u00f3cios e Tecnologia desse m\u00eas - Neo Ventures\" \/>\n<meta property=\"og:description\" content=\"Confira nossa sele\u00e7\u00e3o de eventos de junho sobre neg\u00f3cios e tecnologia no Brasil e no mundo. Programe-se para n\u00e3o perder nenhuma oportunidade\" \/>\n<meta property=\"og:url\" content=\"https:\/\/neoventures.global\/en\/noticias\/junho-eventos-de-negocios-e-tecnologia\/\" \/>\n<meta property=\"og:site_name\" content=\"Neo Ventures\" \/>\n<meta property=\"article:published_time\" content=\"2025-05-28T21:05:04+00:00\" \/>\n<meta property=\"article:modified_time\" content=\"2025-07-02T14:00:07+00:00\" \/>\n<meta property=\"og:image\" content=\"https:\/\/neoventures.global\/novosite\/wp-content\/uploads\/2025\/05\/eventos-de-negocios-e-tecnologia-junho-scaled.jpg\" \/>\n\t<meta property=\"og:image:width\" content=\"2560\" \/>\n\t<meta property=\"og:image:height\" content=\"1440\" \/>\n\t<meta property=\"og:image:type\" content=\"image\/jpeg\" \/>\n<meta name=\"author\" content=\"admcap\" \/>\n<meta name=\"twitter:card\" content=\"summary_large_image\" \/>\n<meta name=\"twitter:label1\" content=\"Written by\" \/>\n\t<meta name=\"twitter:data1\" content=\"admcap\" \/>\n\t<meta name=\"twitter:label2\" content=\"Est. reading time\" \/>\n\t<meta name=\"twitter:data2\" content=\"5 minutes\" \/>\n<script type=\"application\/ld+json\" class=\"yoast-schema-graph\">{\"@context\":\"https:\\\/\\\/schema.org\",\"@graph\":[{\"@type\":\"Article\",\"@id\":\"https:\\\/\\\/neoventures.global\\\/noticias\\\/junho-eventos-de-negocios-e-tecnologia\\\/#article\",\"isPartOf\":{\"@id\":\"https:\\\/\\\/neoventures.global\\\/noticias\\\/junho-eventos-de-negocios-e-tecnologia\\\/\"},\"author\":{\"name\":\"admcap\",\"@id\":\"https:\\\/\\\/neoventures.global\\\/#\\\/schema\\\/person\\\/5af699972448cdaac936c5c7027186f8\"},\"headline\":\"Junho: confira eventos de Neg\u00f3cios e Tecnologia desse m\u00eas\",\"datePublished\":\"2025-05-28T21:05:04+00:00\",\"dateModified\":\"2025-07-02T14:00:07+00:00\",\"mainEntityOfPage\":{\"@id\":\"https:\\\/\\\/neoventures.global\\\/noticias\\\/junho-eventos-de-negocios-e-tecnologia\\\/\"},\"wordCount\":828,\"commentCount\":0,\"image\":{\"@id\":\"https:\\\/\\\/neoventures.global\\\/noticias\\\/junho-eventos-de-negocios-e-tecnologia\\\/#primaryimage\"},\"thumbnailUrl\":\"https:\\\/\\\/neoventures.global\\\/novosite\\\/wp-content\\\/uploads\\\/2025\\\/05\\\/eventos-de-negocios-e-tecnologia-junho-scaled.jpg\",\"articleSection\":[\"Not\u00edcias\"],\"inLanguage\":\"en-US\",\"potentialAction\":[{\"@type\":\"CommentAction\",\"name\":\"Comment\",\"target\":[\"https:\\\/\\\/neoventures.global\\\/noticias\\\/junho-eventos-de-negocios-e-tecnologia\\\/#respond\"]}]},{\"@type\":\"WebPage\",\"@id\":\"https:\\\/\\\/neoventures.global\\\/noticias\\\/junho-eventos-de-negocios-e-tecnologia\\\/\",\"url\":\"https:\\\/\\\/neoventures.global\\\/noticias\\\/junho-eventos-de-negocios-e-tecnologia\\\/\",\"name\":\"Junho: confira eventos de Neg\u00f3cios e Tecnologia desse m\u00eas - Neo Ventures\",\"isPartOf\":{\"@id\":\"https:\\\/\\\/neoventures.global\\\/#website\"},\"primaryImageOfPage\":{\"@id\":\"https:\\\/\\\/neoventures.global\\\/noticias\\\/junho-eventos-de-negocios-e-tecnologia\\\/#primaryimage\"},\"image\":{\"@id\":\"https:\\\/\\\/neoventures.global\\\/noticias\\\/junho-eventos-de-negocios-e-tecnologia\\\/#primaryimage\"},\"thumbnailUrl\":\"https:\\\/\\\/neoventures.global\\\/novosite\\\/wp-content\\\/uploads\\\/2025\\\/05\\\/eventos-de-negocios-e-tecnologia-junho-scaled.jpg\",\"datePublished\":\"2025-05-28T21:05:04+00:00\",\"dateModified\":\"2025-07-02T14:00:07+00:00\",\"author\":{\"@id\":\"https:\\\/\\\/neoventures.global\\\/#\\\/schema\\\/person\\\/5af699972448cdaac936c5c7027186f8\"},\"description\":\"Confira nossa sele\u00e7\u00e3o de eventos de junho sobre neg\u00f3cios e tecnologia no Brasil e no mundo. Programe-se para n\u00e3o perder nenhuma oportunidade\",\"breadcrumb\":{\"@id\":\"https:\\\/\\\/neoventures.global\\\/noticias\\\/junho-eventos-de-negocios-e-tecnologia\\\/#breadcrumb\"},\"inLanguage\":\"en-US\",\"potentialAction\":[{\"@type\":\"ReadAction\",\"target\":[\"https:\\\/\\\/neoventures.global\\\/noticias\\\/junho-eventos-de-negocios-e-tecnologia\\\/\"]}]},{\"@type\":\"ImageObject\",\"inLanguage\":\"en-US\",\"@id\":\"https:\\\/\\\/neoventures.global\\\/noticias\\\/junho-eventos-de-negocios-e-tecnologia\\\/#primaryimage\",\"url\":\"https:\\\/\\\/neoventures.global\\\/novosite\\\/wp-content\\\/uploads\\\/2025\\\/05\\\/eventos-de-negocios-e-tecnologia-junho-scaled.jpg\",\"contentUrl\":\"https:\\\/\\\/neoventures.global\\\/novosite\\\/wp-content\\\/uploads\\\/2025\\\/05\\\/eventos-de-negocios-e-tecnologia-junho-scaled.jpg\",\"width\":2560,\"height\":1440,\"caption\":\"Neo Ventures | Confira os eventos de neg\u00f3cios e tecnologia em junho\"},{\"@type\":\"BreadcrumbList\",\"@id\":\"https:\\\/\\\/neoventures.global\\\/noticias\\\/junho-eventos-de-negocios-e-tecnologia\\\/#breadcrumb\",\"itemListElement\":[{\"@type\":\"ListItem\",\"position\":1,\"name\":\"In\u00edcio\",\"item\":\"https:\\\/\\\/neoventures.global\\\/\"},{\"@type\":\"ListItem\",\"position\":2,\"name\":\"Junho: confira eventos de Neg\u00f3cios e Tecnologia desse m\u00eas\"}]},{\"@type\":\"WebSite\",\"@id\":\"https:\\\/\\\/neoventures.global\\\/#website\",\"url\":\"https:\\\/\\\/neoventures.global\\\/\",\"name\":\"Neo Ventures\",\"description\":\"\",\"potentialAction\":[{\"@type\":\"SearchAction\",\"target\":{\"@type\":\"EntryPoint\",\"urlTemplate\":\"https:\\\/\\\/neoventures.global\\\/?s={search_term_string}\"},\"query-input\":{\"@type\":\"PropertyValueSpecification\",\"valueRequired\":true,\"valueName\":\"search_term_string\"}}],\"inLanguage\":\"en-US\"},{\"@type\":\"Person\",\"@id\":\"https:\\\/\\\/neoventures.global\\\/#\\\/schema\\\/person\\\/5af699972448cdaac936c5c7027186f8\",\"name\":\"admcap\",\"image\":{\"@type\":\"ImageObject\",\"inLanguage\":\"en-US\",\"@id\":\"https:\\\/\\\/secure.gravatar.com\\\/avatar\\\/146b72d10e3d87ddaf12d4e664d6458832fc8428b3c8be1aa6d516498405b5d1?s=96&d=mm&r=g\",\"url\":\"https:\\\/\\\/secure.gravatar.com\\\/avatar\\\/146b72d10e3d87ddaf12d4e664d6458832fc8428b3c8be1aa6d516498405b5d1?s=96&d=mm&r=g\",\"contentUrl\":\"https:\\\/\\\/secure.gravatar.com\\\/avatar\\\/146b72d10e3d87ddaf12d4e664d6458832fc8428b3c8be1aa6d516498405b5d1?s=96&d=mm&r=g\",\"caption\":\"admcap\"},\"sameAs\":[\"https:\\\/\\\/neoventures.global\\\/novosite\"],\"url\":\"https:\\\/\\\/neoventures.global\\\/en\\\/author\\\/admcap\\\/\"}]}<\/script>\n<!-- \/ Yoast SEO plugin. -->","yoast_head_json":{"title":"Junho: confira eventos de Neg\u00f3cios e Tecnologia desse m\u00eas - Neo Ventures","description":"Confira nossa sele\u00e7\u00e3o de eventos de junho sobre neg\u00f3cios e tecnologia no Brasil e no mundo. Programe-se para n\u00e3o perder nenhuma oportunidade","robots":{"index":"index","follow":"follow","max-snippet":"max-snippet:-1","max-image-preview":"max-image-preview:large","max-video-preview":"max-video-preview:-1"},"canonical":"https:\/\/neoventures.global\/en\/noticias\/junho-eventos-de-negocios-e-tecnologia\/","og_locale":"en_US","og_type":"article","og_title":"Junho: confira eventos de Neg\u00f3cios e Tecnologia desse m\u00eas - Neo Ventures","og_description":"Confira nossa sele\u00e7\u00e3o de eventos de junho sobre neg\u00f3cios e tecnologia no Brasil e no mundo. Programe-se para n\u00e3o perder nenhuma oportunidade","og_url":"https:\/\/neoventures.global\/en\/noticias\/junho-eventos-de-negocios-e-tecnologia\/","og_site_name":"Neo Ventures","article_published_time":"2025-05-28T21:05:04+00:00","article_modified_time":"2025-07-02T14:00:07+00:00","og_image":[{"width":2560,"height":1440,"url":"https:\/\/neoventures.global\/novosite\/wp-content\/uploads\/2025\/05\/eventos-de-negocios-e-tecnologia-junho-scaled.jpg","type":"image\/jpeg"}],"author":"admcap","twitter_card":"summary_large_image","twitter_misc":{"Written by":"admcap","Est. reading time":"5 minutes"},"schema":{"@context":"https:\/\/schema.org","@graph":[{"@type":"Article","@id":"https:\/\/neoventures.global\/noticias\/junho-eventos-de-negocios-e-tecnologia\/#article","isPartOf":{"@id":"https:\/\/neoventures.global\/noticias\/junho-eventos-de-negocios-e-tecnologia\/"},"author":{"name":"admcap","@id":"https:\/\/neoventures.global\/#\/schema\/person\/5af699972448cdaac936c5c7027186f8"},"headline":"Junho: confira eventos de Neg\u00f3cios e Tecnologia desse m\u00eas","datePublished":"2025-05-28T21:05:04+00:00","dateModified":"2025-07-02T14:00:07+00:00","mainEntityOfPage":{"@id":"https:\/\/neoventures.global\/noticias\/junho-eventos-de-negocios-e-tecnologia\/"},"wordCount":828,"commentCount":0,"image":{"@id":"https:\/\/neoventures.global\/noticias\/junho-eventos-de-negocios-e-tecnologia\/#primaryimage"},"thumbnailUrl":"https:\/\/neoventures.global\/novosite\/wp-content\/uploads\/2025\/05\/eventos-de-negocios-e-tecnologia-junho-scaled.jpg","articleSection":["Not\u00edcias"],"inLanguage":"en-US","potentialAction":[{"@type":"CommentAction","name":"Comment","target":["https:\/\/neoventures.global\/noticias\/junho-eventos-de-negocios-e-tecnologia\/#respond"]}]},{"@type":"WebPage","@id":"https:\/\/neoventures.global\/noticias\/junho-eventos-de-negocios-e-tecnologia\/","url":"https:\/\/neoventures.global\/noticias\/junho-eventos-de-negocios-e-tecnologia\/","name":"Junho: confira eventos de Neg\u00f3cios e Tecnologia desse m\u00eas - Neo Ventures","isPartOf":{"@id":"https:\/\/neoventures.global\/#website"},"primaryImageOfPage":{"@id":"https:\/\/neoventures.global\/noticias\/junho-eventos-de-negocios-e-tecnologia\/#primaryimage"},"image":{"@id":"https:\/\/neoventures.global\/noticias\/junho-eventos-de-negocios-e-tecnologia\/#primaryimage"},"thumbnailUrl":"https:\/\/neoventures.global\/novosite\/wp-content\/uploads\/2025\/05\/eventos-de-negocios-e-tecnologia-junho-scaled.jpg","datePublished":"2025-05-28T21:05:04+00:00","dateModified":"2025-07-02T14:00:07+00:00","author":{"@id":"https:\/\/neoventures.global\/#\/schema\/person\/5af699972448cdaac936c5c7027186f8"},"description":"Confira nossa sele\u00e7\u00e3o de eventos de junho sobre neg\u00f3cios e tecnologia no Brasil e no mundo. Programe-se para n\u00e3o perder nenhuma oportunidade","breadcrumb":{"@id":"https:\/\/neoventures.global\/noticias\/junho-eventos-de-negocios-e-tecnologia\/#breadcrumb"},"inLanguage":"en-US","potentialAction":[{"@type":"ReadAction","target":["https:\/\/neoventures.global\/noticias\/junho-eventos-de-negocios-e-tecnologia\/"]}]},{"@type":"ImageObject","inLanguage":"en-US","@id":"https:\/\/neoventures.global\/noticias\/junho-eventos-de-negocios-e-tecnologia\/#primaryimage","url":"https:\/\/neoventures.global\/novosite\/wp-content\/uploads\/2025\/05\/eventos-de-negocios-e-tecnologia-junho-scaled.jpg","contentUrl":"https:\/\/neoventures.global\/novosite\/wp-content\/uploads\/2025\/05\/eventos-de-negocios-e-tecnologia-junho-scaled.jpg","width":2560,"height":1440,"caption":"Neo Ventures | Confira os eventos de neg\u00f3cios e tecnologia em junho"},{"@type":"BreadcrumbList","@id":"https:\/\/neoventures.global\/noticias\/junho-eventos-de-negocios-e-tecnologia\/#breadcrumb","itemListElement":[{"@type":"ListItem","position":1,"name":"In\u00edcio","item":"https:\/\/neoventures.global\/"},{"@type":"ListItem","position":2,"name":"Junho: confira eventos de Neg\u00f3cios e Tecnologia desse m\u00eas"}]},{"@type":"WebSite","@id":"https:\/\/neoventures.global\/#website","url":"https:\/\/neoventures.global\/","name":"Neo Ventures","description":"","potentialAction":[{"@type":"SearchAction","target":{"@type":"EntryPoint","urlTemplate":"https:\/\/neoventures.global\/?s={search_term_string}"},"query-input":{"@type":"PropertyValueSpecification","valueRequired":true,"valueName":"search_term_string"}}],"inLanguage":"en-US"},{"@type":"Person","@id":"https:\/\/neoventures.global\/#\/schema\/person\/5af699972448cdaac936c5c7027186f8","name":"admcap","image":{"@type":"ImageObject","inLanguage":"en-US","@id":"https:\/\/secure.gravatar.com\/avatar\/146b72d10e3d87ddaf12d4e664d6458832fc8428b3c8be1aa6d516498405b5d1?s=96&d=mm&r=g","url":"https:\/\/secure.gravatar.com\/avatar\/146b72d10e3d87ddaf12d4e664d6458832fc8428b3c8be1aa6d516498405b5d1?s=96&d=mm&r=g","contentUrl":"https:\/\/secure.gravatar.com\/avatar\/146b72d10e3d87ddaf12d4e664d6458832fc8428b3c8be1aa6d516498405b5d1?s=96&d=mm&r=g","caption":"admcap"},"sameAs":["https:\/\/neoventures.global\/novosite"],"url":"https:\/\/neoventures.global\/en\/author\/admcap\/"}]}},"_links":{"self":[{"href":"https:\/\/neoventures.global\/en\/wp-json\/wp\/v2\/posts\/2295","targetHints":{"allow":["GET"]}}],"collection":[{"href":"https:\/\/neoventures.global\/en\/wp-json\/wp\/v2\/posts"}],"about":[{"href":"https:\/\/neoventures.global\/en\/wp-json\/wp\/v2\/types\/post"}],"author":[{"embeddable":true,"href":"https:\/\/neoventures.global\/en\/wp-json\/wp\/v2\/users\/1"}],"replies":[{"embeddable":true,"href":"https:\/\/neoventures.global\/en\/wp-json\/wp\/v2\/comments?post=2295"}],"version-history":[{"count":4,"href":"https:\/\/neoventures.global\/en\/wp-json\/wp\/v2\/posts\/2295\/revisions"}],"predecessor-version":[{"id":2300,"href":"https:\/\/neoventures.global\/en\/wp-json\/wp\/v2\/posts\/2295\/revisions\/2300"}],"wp:featuredmedia":[{"embeddable":true,"href":"https:\/\/neoventures.global\/en\/wp-json\/wp\/v2\/media\/2296"}],"wp:attachment":[{"href":"https:\/\/neoventures.global\/en\/wp-json\/wp\/v2\/media?parent=2295"}],"wp:term":[{"taxonomy":"category","embeddable":true,"href":"https:\/\/neoventures.global\/en\/wp-json\/wp\/v2\/categories?post=2295"},{"taxonomy":"post_tag","embeddable":true,"href":"https:\/\/neoventures.global\/en\/wp-json\/wp\/v2\/tags?post=2295"}],"curies":[{"name":"wp","href":"https:\/\/api.w.org\/{rel}","templated":true}]}}